{"id":7146,"date":"2026-02-06T09:55:46","date_gmt":"2026-02-06T08:55:46","guid":{"rendered":"https:\/\/karitaszeger.hu\/web\/?p=7146"},"modified":"2026-04-02T09:59:23","modified_gmt":"2026-04-02T07:59:23","slug":"a-jaszarokszallasi-szent-erzsebet-karitasz-csoport-2026-januar-3-an-rendezte-meg-a-2025-os-evrol-az-evzaro-unnepseget","status":"publish","type":"post","link":"https:\/\/karitaszeger.hu\/web\/2026\/02\/06\/a-jaszarokszallasi-szent-erzsebet-karitasz-csoport-2026-januar-3-an-rendezte-meg-a-2025-os-evrol-az-evzaro-unnepseget\/","title":{"rendered":"A j\u00e1sz\u00e1roksz\u00e1ll\u00e1si Szent Erzs\u00e9bet Karit\u00e1sz Csoport 2026 janu\u00e1r 3-\u00e1n rendezte meg a 2025-\u00f6s \u00e9vr\u0151l az \u00e9vz\u00e1r\u00f3 \u00fcnneps\u00e9get"},"content":{"rendered":"<p><div class=\"fusion-fullwidth fullwidth-box fusion-builder-row-1 fusion-flex-container nonhundred-percent-fullwidth non-hundred-percent-height-scrolling\" style=\"--awb-border-radius-top-left:0px;--awb-border-radius-top-right:0px;--awb-border-radius-bottom-right:0px;--awb-border-radius-bottom-left:0px;--awb-padding-bottom:30px;--awb-flex-wrap:wrap;\" ><div class=\"fusion-builder-row fusion-row fusion-flex-align-items-flex-start fusion-flex-content-wrap\" style=\"max-width:1216.8px;margin-left: calc(-4% \/ 2 );margin-right: calc(-4% \/ 2 );\"><div class=\"fusion-layout-column fusion_builder_column fusion-builder-column-0 fusion_builder_column_1_1 1_1 fusion-flex-column\" style=\"--awb-bg-size:cover;--awb-width-large:100%;--awb-margin-top-large:0px;--awb-spacing-right-large:1.92%;--awb-margin-bottom-large:0px;--awb-spacing-left-large:1.92%;--awb-width-medium:100%;--awb-spacing-right-medium:1.92%;--awb-spacing-left-medium:1.92%;--awb-width-small:100%;--awb-spacing-right-small:1.92%;--awb-spacing-left-small:1.92%;\"><div class=\"fusion-column-wrapper fusion-flex-justify-content-flex-start fusion-content-layout-column\"><div class=\"fusion-separator fusion-full-width-sep\" style=\"align-self: center;margin-left: auto;margin-right: auto;margin-bottom:10px;width:100%;\"><div class=\"fusion-separator-border sep-single\" style=\"--awb-height:20px;--awb-amount:20px;border-color:#e00000;border-top-width:1px;\"><\/div><\/div><div class=\"fusion-text fusion-text-1\" style=\"--awb-text-transform:none;\"><div class=\"\" dir=\"auto\">\n<p>A j\u00e1sz\u00e1roksz\u00e1ll\u00e1si Szent Erzs\u00e9bet Karit\u00e1sz Csoport 2026 janu\u00e1r 3-\u00e1n rendezte meg a 2025-\u00f6s \u00e9vr\u0151l az \u00e9vz\u00e1r\u00f3 \u00fcnneps\u00e9get, melyen megh\u00edvott vend\u00e9gek voltak J\u00e1sz\u00e1roksz\u00e1ll\u00e1s Polg\u00e1rmestere, az Alpolg\u00e1rmester, az Egyh\u00e1z K\u00e9pvisel\u0151 test\u00fclet\u00e9nek eln\u00f6ke, Kiss Csaba ap\u00e1t-pl\u00e9b\u00e1nos, a k\u00e1pl\u00e1n, a k\u00e1ntor, a mozg\u00e1skorl\u00e1tozottak helyi vezet\u0151je \u00e9s a nyugd\u00edjasok eln\u00f6ke. A csoportvezet\u0151 besz\u00e1mol\u00f3j\u00e1t k\u00f6vette a gazdas\u00e1gvezet\u0151 besz\u00e1mol\u00f3ja \u00e9s az a karit\u00e1sz tag besz\u00e1mol\u00f3ja akik havi rendszeress\u00e9ggel lelki felt\u00f6lt\u0151d\u00e9s miatt keresik f\u00f6l a helyi Id\u0151sotthon lak\u00f3it. A besz\u00e1mol\u00f3k \u00e9s hozz\u00e1sz\u00f3l\u00e1sok ut\u00e1n a finom eb\u00e9det a karit\u00e1sz tagok t\u00e1lalt\u00e1k f\u00f6l. A k\u00f6tetlen besz\u00e9lget\u00e9s k\u00e9s\u0151 estig eltartott.<\/p>\n<\/div>\n<\/div><div class=\"awb-gallery-wrapper awb-gallery-wrapper-1 button-span-no\" style=\"--more-btn-alignment:center;\"><div style=\"margin:-5px;--awb-bordersize:0px;\" class=\"fusion-gallery fusion-gallery-container fusion-grid-3 fusion-columns-total-9 fusion-gallery-layout-grid fusion-gallery-1\"><div style=\"padding:5px;\" class=\"fusion-grid-column fusion-gallery-column fusion-gallery-column-3 hover-type-none\"><div class=\"fusion-gallery-image\"><a href=\"https:\/\/karitaszeger.hu\/web\/wp-content\/uploads\/2026\/04\/A-jaszarokszallasi-Szent-Erzsebet-Karitasz-Csoport-2026-januar-3-an-rendezte-meg-a-2025-os-evrol-az-evzaro-unnepseget2.jpg\" rel=\"noreferrer\" data-rel=\"iLightbox[gallery_image_1]\" class=\"fusion-lightbox\" target=\"_self\"><img decoding=\"async\" src=\"https:\/\/karitaszeger.hu\/web\/wp-content\/uploads\/2026\/04\/A-jaszarokszallasi-Szent-Erzsebet-Karitasz-Csoport-2026-januar-3-an-rendezte-meg-a-2025-os-evrol-az-evzaro-unnepseget2.jpg\" width=\"2048\" height=\"1153\" alt=\"\" title=\"A ja\u0301sza\u0301roksza\u0301lla\u0301si Szent Erzse\u0301bet Karita\u0301sz Csoport 2026 janua\u0301r 3-a\u0301n rendezte meg a 2025-o\u0308s e\u0301vro\u030bl az e\u0301vza\u0301ro\u0301 u\u0308nnepse\u0301get2\" aria-label=\"A ja\u0301sza\u0301roksza\u0301lla\u0301si Szent Erzse\u0301bet Karita\u0301sz Csoport 2026 janua\u0301r 3-a\u0301n rendezte meg a 2025-o\u0308s e\u0301vro\u030bl az e\u0301vza\u0301ro\u0301 u\u0308nnepse\u0301get2\" class=\"img-responsive wp-image-7147\" srcset=\"https:\/\/karitaszeger.hu\/web\/wp-content\/uploads\/2026\/04\/A-jaszarokszallasi-Szent-Erzsebet-Karitasz-Csoport-2026-januar-3-an-rendezte-meg-a-2025-os-evrol-az-evzaro-unnepseget2-200x113.jpg 200w, https:\/\/karitaszeger.hu\/web\/wp-content\/uploads\/2026\/04\/A-jaszarokszallasi-Szent-Erzsebet-Karitasz-Csoport-2026-januar-3-an-rendezte-meg-a-2025-os-evrol-az-evzaro-unnepseget2-400x225.jpg 400w, https:\/\/karitaszeger.hu\/web\/wp-content\/uploads\/2026\/04\/A-jaszarokszallasi-Szent-Erzsebet-Karitasz-Csoport-2026-januar-3-an-rendezte-meg-a-2025-os-evrol-az-evzaro-unnepseget2-600x338.jpg 600w, https:\/\/karitaszeger.hu\/web\/wp-content\/uploads\/2026\/04\/A-jaszarokszallasi-Szent-Erzsebet-Karitasz-Csoport-2026-januar-3-an-rendezte-meg-a-2025-os-evrol-az-evzaro-unnepseget2-800x450.jpg 800w, https:\/\/karitaszeger.hu\/web\/wp-content\/uploads\/2026\/04\/A-jaszarokszallasi-Szent-Erzsebet-Karitasz-Csoport-2026-januar-3-an-rendezte-meg-a-2025-os-evrol-az-evzaro-unnepseget2-1200x676.jpg 1200w, https:\/\/karitaszeger.hu\/web\/wp-content\/uploads\/2026\/04\/A-jaszarokszallasi-Szent-Erzsebet-Karitasz-Csoport-2026-januar-3-an-rendezte-meg-a-2025-os-evrol-az-evzaro-unnepseget2.jpg 2048w\" sizes=\"(min-width: 2200px) 100vw, (min-width: 960px) 387px, (min-width: 800px) 580px, (min-width: 640px) 800px, \" \/><\/a><\/div><\/div><div style=\"padding:5px;\" class=\"fusion-grid-column fusion-gallery-column fusion-gallery-column-3 hover-type-none\"><div class=\"fusion-gallery-image\"><a href=\"https:\/\/karitaszeger.hu\/web\/wp-content\/uploads\/2026\/04\/A-jaszarokszallasi-Szent-Erzsebet-Karitasz-Csoport-2026-januar-3-an-rendezte-meg-a-2025-os-evrol-az-evzaro-unnepseget10.jpg\" rel=\"noreferrer\" data-rel=\"iLightbox[gallery_image_1]\" class=\"fusion-lightbox\" target=\"_self\"><img decoding=\"async\" src=\"https:\/\/karitaszeger.hu\/web\/wp-content\/uploads\/2026\/04\/A-jaszarokszallasi-Szent-Erzsebet-Karitasz-Csoport-2026-januar-3-an-rendezte-meg-a-2025-os-evrol-az-evzaro-unnepseget10.jpg\" width=\"2048\" height=\"1536\" alt=\"\" title=\"A ja\u0301sza\u0301roksza\u0301lla\u0301si Szent Erzse\u0301bet Karita\u0301sz Csoport 2026 janua\u0301r 3-a\u0301n rendezte meg a 2025-o\u0308s e\u0301vro\u030bl az e\u0301vza\u0301ro\u0301 u\u0308nnepse\u0301get10\" aria-label=\"A ja\u0301sza\u0301roksza\u0301lla\u0301si Szent Erzse\u0301bet Karita\u0301sz Csoport 2026 janua\u0301r 3-a\u0301n rendezte meg a 2025-o\u0308s e\u0301vro\u030bl az e\u0301vza\u0301ro\u0301 u\u0308nnepse\u0301get10\" class=\"img-responsive wp-image-7148\" srcset=\"https:\/\/karitaszeger.hu\/web\/wp-content\/uploads\/2026\/04\/A-jaszarokszallasi-Szent-Erzsebet-Karitasz-Csoport-2026-januar-3-an-rendezte-meg-a-2025-os-evrol-az-evzaro-unnepseget10-200x150.jpg 200w, https:\/\/karitaszeger.hu\/web\/wp-content\/uploads\/2026\/04\/A-jaszarokszallasi-Szent-Erzsebet-Karitasz-Csoport-2026-januar-3-an-rendezte-meg-a-2025-os-evrol-az-evzaro-unnepseget10-400x300.jpg 400w, https:\/\/karitaszeger.hu\/web\/wp-content\/uploads\/2026\/04\/A-jaszarokszallasi-Szent-Erzsebet-Karitasz-Csoport-2026-januar-3-an-rendezte-meg-a-2025-os-evrol-az-evzaro-unnepseget10-600x450.jpg 600w, https:\/\/karitaszeger.hu\/web\/wp-content\/uploads\/2026\/04\/A-jaszarokszallasi-Szent-Erzsebet-Karitasz-Csoport-2026-januar-3-an-rendezte-meg-a-2025-os-evrol-az-evzaro-unnepseget10-800x600.jpg 800w, https:\/\/karitaszeger.hu\/web\/wp-content\/uploads\/2026\/04\/A-jaszarokszallasi-Szent-Erzsebet-Karitasz-Csoport-2026-januar-3-an-rendezte-meg-a-2025-os-evrol-az-evzaro-unnepseget10-1200x900.jpg 1200w, https:\/\/karitaszeger.hu\/web\/wp-content\/uploads\/2026\/04\/A-jaszarokszallasi-Szent-Erzsebet-Karitasz-Csoport-2026-januar-3-an-rendezte-meg-a-2025-os-evrol-az-evzaro-unnepseget10.jpg 2048w\" sizes=\"(min-width: 2200px) 100vw, (min-width: 960px) 387px, (min-width: 800px) 580px, (min-width: 640px) 800px, \" \/><\/a><\/div><\/div><div style=\"padding:5px;\" class=\"fusion-grid-column fusion-gallery-column fusion-gallery-column-3 hover-type-none\"><div class=\"fusion-gallery-image\"><a href=\"https:\/\/karitaszeger.hu\/web\/wp-content\/uploads\/2026\/04\/A-jaszarokszallasi-Szent-Erzsebet-Karitasz-Csoport-2026-januar-3-an-rendezte-meg-a-2025-os-evrol-az-evzaro-unnepseget9.jpg\" rel=\"noreferrer\" data-rel=\"iLightbox[gallery_image_1]\" class=\"fusion-lightbox\" target=\"_self\"><img decoding=\"async\" src=\"https:\/\/karitaszeger.hu\/web\/wp-content\/uploads\/2026\/04\/A-jaszarokszallasi-Szent-Erzsebet-Karitasz-Csoport-2026-januar-3-an-rendezte-meg-a-2025-os-evrol-az-evzaro-unnepseget9.jpg\" width=\"2048\" height=\"1536\" alt=\"\" title=\"A ja\u0301sza\u0301roksza\u0301lla\u0301si Szent Erzse\u0301bet Karita\u0301sz Csoport 2026 janua\u0301r 3-a\u0301n rendezte meg a 2025-o\u0308s e\u0301vro\u030bl az e\u0301vza\u0301ro\u0301 u\u0308nnepse\u0301get9\" aria-label=\"A ja\u0301sza\u0301roksza\u0301lla\u0301si Szent Erzse\u0301bet Karita\u0301sz Csoport 2026 janua\u0301r 3-a\u0301n rendezte meg a 2025-o\u0308s e\u0301vro\u030bl az e\u0301vza\u0301ro\u0301 u\u0308nnepse\u0301get9\" class=\"img-responsive wp-image-7149\" srcset=\"https:\/\/karitaszeger.hu\/web\/wp-content\/uploads\/2026\/04\/A-jaszarokszallasi-Szent-Erzsebet-Karitasz-Csoport-2026-januar-3-an-rendezte-meg-a-2025-os-evrol-az-evzaro-unnepseget9-200x150.jpg 200w, https:\/\/karitaszeger.hu\/web\/wp-content\/uploads\/2026\/04\/A-jaszarokszallasi-Szent-Erzsebet-Karitasz-Csoport-2026-januar-3-an-rendezte-meg-a-2025-os-evrol-az-evzaro-unnepseget9-400x300.jpg 400w, https:\/\/karitaszeger.hu\/web\/wp-content\/uploads\/2026\/04\/A-jaszarokszallasi-Szent-Erzsebet-Karitasz-Csoport-2026-januar-3-an-rendezte-meg-a-2025-os-evrol-az-evzaro-unnepseget9-600x450.jpg 600w, https:\/\/karitaszeger.hu\/web\/wp-content\/uploads\/2026\/04\/A-jaszarokszallasi-Szent-Erzsebet-Karitasz-Csoport-2026-januar-3-an-rendezte-meg-a-2025-os-evrol-az-evzaro-unnepseget9-800x600.jpg 800w, https:\/\/karitaszeger.hu\/web\/wp-content\/uploads\/2026\/04\/A-jaszarokszallasi-Szent-Erzsebet-Karitasz-Csoport-2026-januar-3-an-rendezte-meg-a-2025-os-evrol-az-evzaro-unnepseget9-1200x900.jpg 1200w, https:\/\/karitaszeger.hu\/web\/wp-content\/uploads\/2026\/04\/A-jaszarokszallasi-Szent-Erzsebet-Karitasz-Csoport-2026-januar-3-an-rendezte-meg-a-2025-os-evrol-az-evzaro-unnepseget9.jpg 2048w\" sizes=\"(min-width: 2200px) 100vw, (min-width: 960px) 387px, (min-width: 800px) 580px, (min-width: 640px) 800px, \" \/><\/a><\/div><\/div><div class=\"clearfix\"><\/div><div style=\"padding:5px;\" class=\"fusion-grid-column fusion-gallery-column fusion-gallery-column-3 hover-type-none\"><div class=\"fusion-gallery-image\"><a href=\"https:\/\/karitaszeger.hu\/web\/wp-content\/uploads\/2026\/04\/A-jaszarokszallasi-Szent-Erzsebet-Karitasz-Csoport-2026-januar-3-an-rendezte-meg-a-2025-os-evrol-az-evzaro-unnepseget8.jpg\" rel=\"noreferrer\" data-rel=\"iLightbox[gallery_image_1]\" class=\"fusion-lightbox\" target=\"_self\"><img decoding=\"async\" src=\"https:\/\/karitaszeger.hu\/web\/wp-content\/uploads\/2026\/04\/A-jaszarokszallasi-Szent-Erzsebet-Karitasz-Csoport-2026-januar-3-an-rendezte-meg-a-2025-os-evrol-az-evzaro-unnepseget8.jpg\" width=\"1648\" height=\"2046\" alt=\"\" title=\"A ja\u0301sza\u0301roksza\u0301lla\u0301si Szent Erzse\u0301bet Karita\u0301sz Csoport 2026 janua\u0301r 3-a\u0301n rendezte meg a 2025-o\u0308s e\u0301vro\u030bl az e\u0301vza\u0301ro\u0301 u\u0308nnepse\u0301get8\" aria-label=\"A ja\u0301sza\u0301roksza\u0301lla\u0301si Szent Erzse\u0301bet Karita\u0301sz Csoport 2026 janua\u0301r 3-a\u0301n rendezte meg a 2025-o\u0308s e\u0301vro\u030bl az e\u0301vza\u0301ro\u0301 u\u0308nnepse\u0301get8\" class=\"img-responsive wp-image-7150\" srcset=\"https:\/\/karitaszeger.hu\/web\/wp-content\/uploads\/2026\/04\/A-jaszarokszallasi-Szent-Erzsebet-Karitasz-Csoport-2026-januar-3-an-rendezte-meg-a-2025-os-evrol-az-evzaro-unnepseget8-200x248.jpg 200w, https:\/\/karitaszeger.hu\/web\/wp-content\/uploads\/2026\/04\/A-jaszarokszallasi-Szent-Erzsebet-Karitasz-Csoport-2026-januar-3-an-rendezte-meg-a-2025-os-evrol-az-evzaro-unnepseget8-400x497.jpg 400w, https:\/\/karitaszeger.hu\/web\/wp-content\/uploads\/2026\/04\/A-jaszarokszallasi-Szent-Erzsebet-Karitasz-Csoport-2026-januar-3-an-rendezte-meg-a-2025-os-evrol-az-evzaro-unnepseget8-600x745.jpg 600w, https:\/\/karitaszeger.hu\/web\/wp-content\/uploads\/2026\/04\/A-jaszarokszallasi-Szent-Erzsebet-Karitasz-Csoport-2026-januar-3-an-rendezte-meg-a-2025-os-evrol-az-evzaro-unnepseget8-800x993.jpg 800w, https:\/\/karitaszeger.hu\/web\/wp-content\/uploads\/2026\/04\/A-jaszarokszallasi-Szent-Erzsebet-Karitasz-Csoport-2026-januar-3-an-rendezte-meg-a-2025-os-evrol-az-evzaro-unnepseget8-1200x1490.jpg 1200w, https:\/\/karitaszeger.hu\/web\/wp-content\/uploads\/2026\/04\/A-jaszarokszallasi-Szent-Erzsebet-Karitasz-Csoport-2026-januar-3-an-rendezte-meg-a-2025-os-evrol-az-evzaro-unnepseget8.jpg 1648w\" sizes=\"(min-width: 2200px) 100vw, (min-width: 960px) 387px, (min-width: 800px) 580px, (min-width: 640px) 800px, \" \/><\/a><\/div><\/div><div style=\"padding:5px;\" class=\"fusion-grid-column fusion-gallery-column fusion-gallery-column-3 hover-type-none\"><div class=\"fusion-gallery-image\"><a href=\"https:\/\/karitaszeger.hu\/web\/wp-content\/uploads\/2026\/04\/A-jaszarokszallasi-Szent-Erzsebet-Karitasz-Csoport-2026-januar-3-an-rendezte-meg-a-2025-os-evrol-az-evzaro-unnepseget7.jpg\" rel=\"noreferrer\" data-rel=\"iLightbox[gallery_image_1]\" class=\"fusion-lightbox\" target=\"_self\"><img decoding=\"async\" src=\"https:\/\/karitaszeger.hu\/web\/wp-content\/uploads\/2026\/04\/A-jaszarokszallasi-Szent-Erzsebet-Karitasz-Csoport-2026-januar-3-an-rendezte-meg-a-2025-os-evrol-az-evzaro-unnepseget7.jpg\" width=\"2048\" height=\"1153\" alt=\"\" title=\"A ja\u0301sza\u0301roksza\u0301lla\u0301si Szent Erzse\u0301bet Karita\u0301sz Csoport 2026 janua\u0301r 3-a\u0301n rendezte meg a 2025-o\u0308s e\u0301vro\u030bl az e\u0301vza\u0301ro\u0301 u\u0308nnepse\u0301get7\" aria-label=\"A ja\u0301sza\u0301roksza\u0301lla\u0301si Szent Erzse\u0301bet Karita\u0301sz Csoport 2026 janua\u0301r 3-a\u0301n rendezte meg a 2025-o\u0308s e\u0301vro\u030bl az e\u0301vza\u0301ro\u0301 u\u0308nnepse\u0301get7\" class=\"img-responsive wp-image-7151\" srcset=\"https:\/\/karitaszeger.hu\/web\/wp-content\/uploads\/2026\/04\/A-jaszarokszallasi-Szent-Erzsebet-Karitasz-Csoport-2026-januar-3-an-rendezte-meg-a-2025-os-evrol-az-evzaro-unnepseget7-200x113.jpg 200w, https:\/\/karitaszeger.hu\/web\/wp-content\/uploads\/2026\/04\/A-jaszarokszallasi-Szent-Erzsebet-Karitasz-Csoport-2026-januar-3-an-rendezte-meg-a-2025-os-evrol-az-evzaro-unnepseget7-400x225.jpg 400w, https:\/\/karitaszeger.hu\/web\/wp-content\/uploads\/2026\/04\/A-jaszarokszallasi-Szent-Erzsebet-Karitasz-Csoport-2026-januar-3-an-rendezte-meg-a-2025-os-evrol-az-evzaro-unnepseget7-600x338.jpg 600w, https:\/\/karitaszeger.hu\/web\/wp-content\/uploads\/2026\/04\/A-jaszarokszallasi-Szent-Erzsebet-Karitasz-Csoport-2026-januar-3-an-rendezte-meg-a-2025-os-evrol-az-evzaro-unnepseget7-800x450.jpg 800w, https:\/\/karitaszeger.hu\/web\/wp-content\/uploads\/2026\/04\/A-jaszarokszallasi-Szent-Erzsebet-Karitasz-Csoport-2026-januar-3-an-rendezte-meg-a-2025-os-evrol-az-evzaro-unnepseget7-1200x676.jpg 1200w, https:\/\/karitaszeger.hu\/web\/wp-content\/uploads\/2026\/04\/A-jaszarokszallasi-Szent-Erzsebet-Karitasz-Csoport-2026-januar-3-an-rendezte-meg-a-2025-os-evrol-az-evzaro-unnepseget7.jpg 2048w\" sizes=\"(min-width: 2200px) 100vw, (min-width: 960px) 387px, (min-width: 800px) 580px, (min-width: 640px) 800px, \" \/><\/a><\/div><\/div><div style=\"padding:5px;\" class=\"fusion-grid-column fusion-gallery-column fusion-gallery-column-3 hover-type-none\"><div class=\"fusion-gallery-image\"><a href=\"https:\/\/karitaszeger.hu\/web\/wp-content\/uploads\/2026\/04\/A-jaszarokszallasi-Szent-Erzsebet-Karitasz-Csoport-2026-januar-3-an-rendezte-meg-a-2025-os-evrol-az-evzaro-unnepseget6.jpg\" rel=\"noreferrer\" data-rel=\"iLightbox[gallery_image_1]\" class=\"fusion-lightbox\" target=\"_self\"><img decoding=\"async\" src=\"https:\/\/karitaszeger.hu\/web\/wp-content\/uploads\/2026\/04\/A-jaszarokszallasi-Szent-Erzsebet-Karitasz-Csoport-2026-januar-3-an-rendezte-meg-a-2025-os-evrol-az-evzaro-unnepseget6.jpg\" width=\"2048\" height=\"1153\" alt=\"\" title=\"A ja\u0301sza\u0301roksza\u0301lla\u0301si Szent Erzse\u0301bet Karita\u0301sz Csoport 2026 janua\u0301r 3-a\u0301n rendezte meg a 2025-o\u0308s e\u0301vro\u030bl az e\u0301vza\u0301ro\u0301 u\u0308nnepse\u0301get6\" aria-label=\"A ja\u0301sza\u0301roksza\u0301lla\u0301si Szent Erzse\u0301bet Karita\u0301sz Csoport 2026 janua\u0301r 3-a\u0301n rendezte meg a 2025-o\u0308s e\u0301vro\u030bl az e\u0301vza\u0301ro\u0301 u\u0308nnepse\u0301get6\" class=\"img-responsive wp-image-7152\" srcset=\"https:\/\/karitaszeger.hu\/web\/wp-content\/uploads\/2026\/04\/A-jaszarokszallasi-Szent-Erzsebet-Karitasz-Csoport-2026-januar-3-an-rendezte-meg-a-2025-os-evrol-az-evzaro-unnepseget6-200x113.jpg 200w, https:\/\/karitaszeger.hu\/web\/wp-content\/uploads\/2026\/04\/A-jaszarokszallasi-Szent-Erzsebet-Karitasz-Csoport-2026-januar-3-an-rendezte-meg-a-2025-os-evrol-az-evzaro-unnepseget6-400x225.jpg 400w, https:\/\/karitaszeger.hu\/web\/wp-content\/uploads\/2026\/04\/A-jaszarokszallasi-Szent-Erzsebet-Karitasz-Csoport-2026-januar-3-an-rendezte-meg-a-2025-os-evrol-az-evzaro-unnepseget6-600x338.jpg 600w, https:\/\/karitaszeger.hu\/web\/wp-content\/uploads\/2026\/04\/A-jaszarokszallasi-Szent-Erzsebet-Karitasz-Csoport-2026-januar-3-an-rendezte-meg-a-2025-os-evrol-az-evzaro-unnepseget6-800x450.jpg 800w, https:\/\/karitaszeger.hu\/web\/wp-content\/uploads\/2026\/04\/A-jaszarokszallasi-Szent-Erzsebet-Karitasz-Csoport-2026-januar-3-an-rendezte-meg-a-2025-os-evrol-az-evzaro-unnepseget6-1200x676.jpg 1200w, https:\/\/karitaszeger.hu\/web\/wp-content\/uploads\/2026\/04\/A-jaszarokszallasi-Szent-Erzsebet-Karitasz-Csoport-2026-januar-3-an-rendezte-meg-a-2025-os-evrol-az-evzaro-unnepseget6.jpg 2048w\" sizes=\"(min-width: 2200px) 100vw, (min-width: 960px) 387px, (min-width: 800px) 580px, (min-width: 640px) 800px, \" \/><\/a><\/div><\/div><div class=\"clearfix\"><\/div><div style=\"padding:5px;\" class=\"fusion-grid-column fusion-gallery-column fusion-gallery-column-3 hover-type-none\"><div class=\"fusion-gallery-image\"><a href=\"https:\/\/karitaszeger.hu\/web\/wp-content\/uploads\/2026\/04\/A-jaszarokszallasi-Szent-Erzsebet-Karitasz-Csoport-2026-januar-3-an-rendezte-meg-a-2025-os-evrol-az-evzaro-unnepseget5.jpg\" rel=\"noreferrer\" data-rel=\"iLightbox[gallery_image_1]\" class=\"fusion-lightbox\" target=\"_self\"><img decoding=\"async\" src=\"https:\/\/karitaszeger.hu\/web\/wp-content\/uploads\/2026\/04\/A-jaszarokszallasi-Szent-Erzsebet-Karitasz-Csoport-2026-januar-3-an-rendezte-meg-a-2025-os-evrol-az-evzaro-unnepseget5.jpg\" width=\"2048\" height=\"1153\" alt=\"\" title=\"A ja\u0301sza\u0301roksza\u0301lla\u0301si Szent Erzse\u0301bet Karita\u0301sz Csoport 2026 janua\u0301r 3-a\u0301n rendezte meg a 2025-o\u0308s e\u0301vro\u030bl az e\u0301vza\u0301ro\u0301 u\u0308nnepse\u0301get5\" aria-label=\"A ja\u0301sza\u0301roksza\u0301lla\u0301si Szent Erzse\u0301bet Karita\u0301sz Csoport 2026 janua\u0301r 3-a\u0301n rendezte meg a 2025-o\u0308s e\u0301vro\u030bl az e\u0301vza\u0301ro\u0301 u\u0308nnepse\u0301get5\" class=\"img-responsive wp-image-7153\" srcset=\"https:\/\/karitaszeger.hu\/web\/wp-content\/uploads\/2026\/04\/A-jaszarokszallasi-Szent-Erzsebet-Karitasz-Csoport-2026-januar-3-an-rendezte-meg-a-2025-os-evrol-az-evzaro-unnepseget5-200x113.jpg 200w, https:\/\/karitaszeger.hu\/web\/wp-content\/uploads\/2026\/04\/A-jaszarokszallasi-Szent-Erzsebet-Karitasz-Csoport-2026-januar-3-an-rendezte-meg-a-2025-os-evrol-az-evzaro-unnepseget5-400x225.jpg 400w, https:\/\/karitaszeger.hu\/web\/wp-content\/uploads\/2026\/04\/A-jaszarokszallasi-Szent-Erzsebet-Karitasz-Csoport-2026-januar-3-an-rendezte-meg-a-2025-os-evrol-az-evzaro-unnepseget5-600x338.jpg 600w, https:\/\/karitaszeger.hu\/web\/wp-content\/uploads\/2026\/04\/A-jaszarokszallasi-Szent-Erzsebet-Karitasz-Csoport-2026-januar-3-an-rendezte-meg-a-2025-os-evrol-az-evzaro-unnepseget5-800x450.jpg 800w, https:\/\/karitaszeger.hu\/web\/wp-content\/uploads\/2026\/04\/A-jaszarokszallasi-Szent-Erzsebet-Karitasz-Csoport-2026-januar-3-an-rendezte-meg-a-2025-os-evrol-az-evzaro-unnepseget5-1200x676.jpg 1200w, https:\/\/karitaszeger.hu\/web\/wp-content\/uploads\/2026\/04\/A-jaszarokszallasi-Szent-Erzsebet-Karitasz-Csoport-2026-januar-3-an-rendezte-meg-a-2025-os-evrol-az-evzaro-unnepseget5.jpg 2048w\" sizes=\"(min-width: 2200px) 100vw, (min-width: 960px) 387px, (min-width: 800px) 580px, (min-width: 640px) 800px, \" \/><\/a><\/div><\/div><div style=\"padding:5px;\" class=\"fusion-grid-column fusion-gallery-column fusion-gallery-column-3 hover-type-none\"><div class=\"fusion-gallery-image\"><a href=\"https:\/\/karitaszeger.hu\/web\/wp-content\/uploads\/2026\/04\/A-jaszarokszallasi-Szent-Erzsebet-Karitasz-Csoport-2026-januar-3-an-rendezte-meg-a-2025-os-evrol-az-evzaro-unnepseget4.jpg\" rel=\"noreferrer\" data-rel=\"iLightbox[gallery_image_1]\" class=\"fusion-lightbox\" target=\"_self\"><img decoding=\"async\" src=\"https:\/\/karitaszeger.hu\/web\/wp-content\/uploads\/2026\/04\/A-jaszarokszallasi-Szent-Erzsebet-Karitasz-Csoport-2026-januar-3-an-rendezte-meg-a-2025-os-evrol-az-evzaro-unnepseget4.jpg\" width=\"2048\" height=\"1153\" alt=\"\" title=\"A ja\u0301sza\u0301roksza\u0301lla\u0301si Szent Erzse\u0301bet Karita\u0301sz Csoport 2026 janua\u0301r 3-a\u0301n rendezte meg a 2025-o\u0308s e\u0301vro\u030bl az e\u0301vza\u0301ro\u0301 u\u0308nnepse\u0301get4\" aria-label=\"A ja\u0301sza\u0301roksza\u0301lla\u0301si Szent Erzse\u0301bet Karita\u0301sz Csoport 2026 janua\u0301r 3-a\u0301n rendezte meg a 2025-o\u0308s e\u0301vro\u030bl az e\u0301vza\u0301ro\u0301 u\u0308nnepse\u0301get4\" class=\"img-responsive wp-image-7154\" srcset=\"https:\/\/karitaszeger.hu\/web\/wp-content\/uploads\/2026\/04\/A-jaszarokszallasi-Szent-Erzsebet-Karitasz-Csoport-2026-januar-3-an-rendezte-meg-a-2025-os-evrol-az-evzaro-unnepseget4-200x113.jpg 200w, https:\/\/karitaszeger.hu\/web\/wp-content\/uploads\/2026\/04\/A-jaszarokszallasi-Szent-Erzsebet-Karitasz-Csoport-2026-januar-3-an-rendezte-meg-a-2025-os-evrol-az-evzaro-unnepseget4-400x225.jpg 400w, https:\/\/karitaszeger.hu\/web\/wp-content\/uploads\/2026\/04\/A-jaszarokszallasi-Szent-Erzsebet-Karitasz-Csoport-2026-januar-3-an-rendezte-meg-a-2025-os-evrol-az-evzaro-unnepseget4-600x338.jpg 600w, https:\/\/karitaszeger.hu\/web\/wp-content\/uploads\/2026\/04\/A-jaszarokszallasi-Szent-Erzsebet-Karitasz-Csoport-2026-januar-3-an-rendezte-meg-a-2025-os-evrol-az-evzaro-unnepseget4-800x450.jpg 800w, https:\/\/karitaszeger.hu\/web\/wp-content\/uploads\/2026\/04\/A-jaszarokszallasi-Szent-Erzsebet-Karitasz-Csoport-2026-januar-3-an-rendezte-meg-a-2025-os-evrol-az-evzaro-unnepseget4-1200x676.jpg 1200w, https:\/\/karitaszeger.hu\/web\/wp-content\/uploads\/2026\/04\/A-jaszarokszallasi-Szent-Erzsebet-Karitasz-Csoport-2026-januar-3-an-rendezte-meg-a-2025-os-evrol-az-evzaro-unnepseget4.jpg 2048w\" sizes=\"(min-width: 2200px) 100vw, (min-width: 960px) 387px, (min-width: 800px) 580px, (min-width: 640px) 800px, \" \/><\/a><\/div><\/div><div style=\"padding:5px;\" class=\"fusion-grid-column fusion-gallery-column fusion-gallery-column-3 hover-type-none\"><div class=\"fusion-gallery-image\"><a href=\"https:\/\/karitaszeger.hu\/web\/wp-content\/uploads\/2026\/04\/A-jaszarokszallasi-Szent-Erzsebet-Karitasz-Csoport-2026-januar-3-an-rendezte-meg-a-2025-os-evrol-az-evzaro-unnepseget3.jpg\" rel=\"noreferrer\" data-rel=\"iLightbox[gallery_image_1]\" class=\"fusion-lightbox\" target=\"_self\"><img decoding=\"async\" src=\"https:\/\/karitaszeger.hu\/web\/wp-content\/uploads\/2026\/04\/A-jaszarokszallasi-Szent-Erzsebet-Karitasz-Csoport-2026-januar-3-an-rendezte-meg-a-2025-os-evrol-az-evzaro-unnepseget3.jpg\" width=\"2048\" height=\"1153\" alt=\"\" title=\"A ja\u0301sza\u0301roksza\u0301lla\u0301si Szent Erzse\u0301bet Karita\u0301sz Csoport 2026 janua\u0301r 3-a\u0301n rendezte meg a 2025-o\u0308s e\u0301vro\u030bl az e\u0301vza\u0301ro\u0301 u\u0308nnepse\u0301get3\" aria-label=\"A ja\u0301sza\u0301roksza\u0301lla\u0301si Szent Erzse\u0301bet Karita\u0301sz Csoport 2026 janua\u0301r 3-a\u0301n rendezte meg a 2025-o\u0308s e\u0301vro\u030bl az e\u0301vza\u0301ro\u0301 u\u0308nnepse\u0301get3\" class=\"img-responsive wp-image-7155\" srcset=\"https:\/\/karitaszeger.hu\/web\/wp-content\/uploads\/2026\/04\/A-jaszarokszallasi-Szent-Erzsebet-Karitasz-Csoport-2026-januar-3-an-rendezte-meg-a-2025-os-evrol-az-evzaro-unnepseget3-200x113.jpg 200w, https:\/\/karitaszeger.hu\/web\/wp-content\/uploads\/2026\/04\/A-jaszarokszallasi-Szent-Erzsebet-Karitasz-Csoport-2026-januar-3-an-rendezte-meg-a-2025-os-evrol-az-evzaro-unnepseget3-400x225.jpg 400w, https:\/\/karitaszeger.hu\/web\/wp-content\/uploads\/2026\/04\/A-jaszarokszallasi-Szent-Erzsebet-Karitasz-Csoport-2026-januar-3-an-rendezte-meg-a-2025-os-evrol-az-evzaro-unnepseget3-600x338.jpg 600w, https:\/\/karitaszeger.hu\/web\/wp-content\/uploads\/2026\/04\/A-jaszarokszallasi-Szent-Erzsebet-Karitasz-Csoport-2026-januar-3-an-rendezte-meg-a-2025-os-evrol-az-evzaro-unnepseget3-800x450.jpg 800w, https:\/\/karitaszeger.hu\/web\/wp-content\/uploads\/2026\/04\/A-jaszarokszallasi-Szent-Erzsebet-Karitasz-Csoport-2026-januar-3-an-rendezte-meg-a-2025-os-evrol-az-evzaro-unnepseget3-1200x676.jpg 1200w, https:\/\/karitaszeger.hu\/web\/wp-content\/uploads\/2026\/04\/A-jaszarokszallasi-Szent-Erzsebet-Karitasz-Csoport-2026-januar-3-an-rendezte-meg-a-2025-os-evrol-az-evzaro-unnepseget3.jpg 2048w\" sizes=\"(min-width: 2200px) 100vw, (min-width: 960px) 387px, (min-width: 800px) 580px, (min-width: 640px) 800px, \" \/><\/a><\/div><\/div><div class=\"clearfix\"><\/div><\/div><\/div><\/div><\/div><\/div><\/div><div class=\"fusion-fullwidth fullwidth-box fusion-builder-row-2 fusion-flex-container fusion-parallax-none nonhundred-percent-fullwidth non-hundred-percent-height-scrolling\" style=\"--awb-border-sizes-top:0px;--awb-border-sizes-bottom:0px;--awb-border-sizes-left:0px;--awb-border-sizes-right:0px;--awb-border-radius-top-left:0px;--awb-border-radius-top-right:0px;--awb-border-radius-bottom-right:0px;--awb-border-radius-bottom-left:0px;--awb-padding-top:150px;--awb-padding-bottom:150px;--awb-background-image:url(&quot;https:\/\/karitaszeger.hu\/web\/wp-content\/uploads\/2021\/03\/segits-scaled.jpg&quot;);--awb-background-size:cover;--awb-flex-wrap:wrap;\" ><div class=\"fusion-builder-row fusion-row fusion-flex-align-items-flex-start fusion-flex-content-wrap\" style=\"max-width:calc( 1170px + 0px );margin-left: calc(-0px \/ 2 );margin-right: calc(-0px \/ 2 );\"><div class=\"fusion-layout-column fusion_builder_column fusion-builder-column-1 fusion_builder_column_1_1 1_1 fusion-flex-column\" style=\"--awb-padding-right:11%;--awb-padding-left:11%;--awb-bg-size:cover;--awb-width-large:100%;--awb-margin-top-large:0px;--awb-spacing-right-large:0px;--awb-margin-bottom-large:20px;--awb-spacing-left-large:0px;--awb-width-medium:100%;--awb-spacing-right-medium:0px;--awb-spacing-left-medium:0px;--awb-width-small:100%;--awb-spacing-right-small:0px;--awb-spacing-left-small:0px;\"><div class=\"fusion-column-wrapper fusion-flex-justify-content-flex-start fusion-content-layout-column\"><div class=\"fusion-title title fusion-title-1 fusion-sep-none fusion-title-center fusion-title-text fusion-title-size-two\" style=\"--awb-text-color:#ffffff;--awb-margin-top-small:0px;--awb-margin-right-small:0px;--awb-margin-bottom-small:20px;--awb-margin-left-small:0px;\"><h2 class=\"fusion-title-heading title-heading-center\" style=\"margin:0;line-height:1;\"><h2 class=\"piros kozepre\"><span style=\"color: #ffffff;\">AZ \u00d6N SEG\u00cdTS\u00c9G\u00c9RE\u00a0IS SZ\u00dcKS\u00c9G VAN!<\/span><\/h2>\n<div class=\"content\"><\/div><\/h2><\/div><div class=\"fusion-separator\" style=\"align-self: center;margin-left: auto;margin-right: auto;margin-top:0px;margin-bottom:40px;width:100%;max-width:200px;\"><div class=\"fusion-separator-border sep-single sep-solid\" style=\"--awb-height:20px;--awb-amount:20px;--awb-sep-color:#f44336;border-color:#f44336;border-top-width:3px;\"><\/div><\/div><div class=\"fusion-text fusion-text-2\"><h2 style=\"text-align: center;\"><span style=\"color: #ffffff;\"><strong>1356 \u2013 H\u00cdVJON, HOGY SEG\u00cdTHESS\u00dcNK!<\/strong><\/span><\/h2>\n<\/div><div class=\"fusion-builder-row fusion-builder-row-inner fusion-row fusion-flex-align-items-flex-start fusion-flex-content-wrap\" style=\"--awb-flex-grow:0;--awb-flex-grow-medium:0;--awb-flex-grow-small:0;--awb-flex-shrink:0;--awb-flex-shrink-medium:0;--awb-flex-shrink-small:0;width:calc( 100% + 0px ) !important;max-width:calc( 100% + 0px ) !important;margin-left: calc(-0px \/ 2 );margin-right: calc(-0px \/ 2 );\"><div class=\"fusion-layout-column fusion_builder_column_inner fusion-builder-nested-column-0 fusion_builder_column_inner_1_3 1_3 fusion-flex-column\" style=\"--awb-bg-size:cover;--awb-width-large:33.333333333333%;--awb-margin-top-large:0px;--awb-spacing-right-large:0px;--awb-margin-bottom-large:20px;--awb-spacing-left-large:0px;--awb-width-medium:100%;--awb-order-medium:0;--awb-spacing-right-medium:0px;--awb-spacing-left-medium:0px;--awb-width-small:100%;--awb-order-small:0;--awb-spacing-right-small:0px;--awb-spacing-left-small:0px;\"><div class=\"fusion-column-wrapper fusion-column-has-shadow fusion-flex-justify-content-flex-start fusion-content-layout-column\"><\/div><\/div><div class=\"fusion-layout-column fusion_builder_column_inner fusion-builder-nested-column-1 fusion_builder_column_inner_1_3 1_3 fusion-flex-column fusion-animated\" style=\"--awb-bg-color:#f44336;--awb-bg-color-hover:#f44336;--awb-bg-size:cover;--awb-width-large:33.333333333333%;--awb-margin-top-large:0px;--awb-spacing-right-large:0px;--awb-margin-bottom-large:20px;--awb-spacing-left-large:0px;--awb-width-medium:100%;--awb-order-medium:0;--awb-spacing-right-medium:0px;--awb-spacing-left-medium:0px;--awb-width-small:100%;--awb-order-small:0;--awb-spacing-right-small:0px;--awb-spacing-left-small:0px;\" data-animationType=\"bounceInDown\" data-animationDuration=\"1.3\" data-animationOffset=\"top-into-view\"><div class=\"fusion-column-wrapper fusion-column-has-shadow fusion-flex-justify-content-flex-start fusion-content-layout-column\"><div style=\"text-align:center;\"><a class=\"fusion-button button-flat fusion-button-default-size button-custom fusion-button-default button-1 fusion-button-default-span fusion-button-default-type fusion-has-button-gradient\" style=\"--button_accent_color:#ffffff;--button_accent_hover_color:#f44336;--button_border_hover_color:#f44336;--button_border_width-top:0px;--button_border_width-right:0px;--button_border_width-bottom:0px;--button_border_width-left:0px;--button_gradient_top_color:rgba(254,201,107,0);--button_gradient_bottom_color:rgba(254,201,107,0);--button_gradient_top_color_hover:#ffffff;--button_gradient_bottom_color_hover:rgba(0,0,0,0);\" target=\"_self\" href=\"#\"><i class=\"fa-credit-card fas awb-button__icon awb-button__icon--default button-icon-left\" aria-hidden=\"true\"><\/i><span class=\"fusion-button-text awb-button__text awb-button__text--default\">ONLINE ADOM\u00c1NYOZ\u00c1S<\/span><\/a><\/div><\/div><\/div><div class=\"fusion-layout-column fusion_builder_column_inner fusion-builder-nested-column-2 fusion_builder_column_inner_1_3 1_3 fusion-flex-column\" style=\"--awb-bg-size:cover;--awb-width-large:33.333333333333%;--awb-margin-top-large:0px;--awb-spacing-right-large:0px;--awb-margin-bottom-large:20px;--awb-spacing-left-large:0px;--awb-width-medium:100%;--awb-order-medium:0;--awb-spacing-right-medium:0px;--awb-spacing-left-medium:0px;--awb-width-small:100%;--awb-order-small:0;--awb-spacing-right-small:0px;--awb-spacing-left-small:0px;\"><div class=\"fusion-column-wrapper fusion-column-has-shadow fusion-flex-justify-content-flex-start fusion-content-layout-column\"><\/div><\/div><\/div><\/div><\/div><\/div><\/div><div class=\"fusion-fullwidth fullwidth-box fusion-builder-row-3 fusion-flex-container nonhundred-percent-fullwidth non-hundred-percent-height-scrolling\" style=\"--awb-border-radius-top-left:0px;--awb-border-radius-top-right:0px;--awb-border-radius-bottom-right:0px;--awb-border-radius-bottom-left:0px;--awb-flex-wrap:wrap;\" ><div class=\"fusion-builder-row fusion-row fusion-flex-align-items-flex-start fusion-flex-content-wrap\" style=\"max-width:1216.8px;margin-left: calc(-4% \/ 2 );margin-right: calc(-4% \/ 2 );\"><div class=\"fusion-layout-column fusion_builder_column fusion-builder-column-2 fusion_builder_column_1_1 1_1 fusion-flex-column\" style=\"--awb-bg-size:cover;--awb-width-large:100%;--awb-margin-top-large:0px;--awb-spacing-right-large:1.92%;--awb-margin-bottom-large:0px;--awb-spacing-left-large:1.92%;--awb-width-medium:100%;--awb-spacing-right-medium:1.92%;--awb-spacing-left-medium:1.92%;--awb-width-small:100%;--awb-spacing-right-small:1.92%;--awb-spacing-left-small:1.92%;\"><div class=\"fusion-column-wrapper fusion-flex-justify-content-flex-start fusion-content-layout-column\"><div class=\"fusion-text fusion-text-3\"><\/div><\/div><\/div><\/div><\/div><div class=\"fusion-fullwidth fullwidth-box fusion-builder-row-4 fusion-flex-container nonhundred-percent-fullwidth non-hundred-percent-height-scrolling\" style=\"--awb-border-radius-top-left:0px;--awb-border-radius-top-right:0px;--awb-border-radius-bottom-right:0px;--awb-border-radius-bottom-left:0px;--awb-flex-wrap:wrap;\" ><div class=\"fusion-builder-row fusion-row fusion-flex-align-items-flex-start fusion-flex-content-wrap\" style=\"max-width:1216.8px;margin-left: calc(-4% \/ 2 );margin-right: calc(-4% \/ 2 );\"><div class=\"fusion-layout-column fusion_builder_column fusion-builder-column-3 fusion_builder_column_1_1 1_1 fusion-flex-column\" style=\"--awb-bg-size:cover;--awb-width-large:100%;--awb-margin-top-large:0px;--awb-spacing-right-large:1.92%;--awb-margin-bottom-large:0px;--awb-spacing-left-large:1.92%;--awb-width-medium:100%;--awb-spacing-right-medium:1.92%;--awb-spacing-left-medium:1.92%;--awb-width-small:100%;--awb-spacing-right-small:1.92%;--awb-spacing-left-small:1.92%;\"><div class=\"fusion-column-wrapper fusion-flex-justify-content-flex-start fusion-content-layout-column\"><div class=\"fusion-text fusion-text-4\"><\/div><\/div><\/div><\/div><\/div><\/p>\n","protected":false},"excerpt":{"rendered":"","protected":false},"author":7,"featured_media":7154,"comment_status":"open","ping_status":"open","sticky":false,"template":"","format":"standard","meta":{"footnotes":""},"categories":[107],"tags":[],"class_list":["post-7146","post","type-post","status-publish","format-standard","has-post-thumbnail","hentry","category-hirek"],"_links":{"self":[{"href":"https:\/\/karitaszeger.hu\/web\/wp-json\/wp\/v2\/posts\/7146","targetHints":{"allow":["GET"]}}],"collection":[{"href":"https:\/\/karitaszeger.hu\/web\/wp-json\/wp\/v2\/posts"}],"about":[{"href":"https:\/\/karitaszeger.hu\/web\/wp-json\/wp\/v2\/types\/post"}],"author":[{"embeddable":true,"href":"https:\/\/karitaszeger.hu\/web\/wp-json\/wp\/v2\/users\/7"}],"replies":[{"embeddable":true,"href":"https:\/\/karitaszeger.hu\/web\/wp-json\/wp\/v2\/comments?post=7146"}],"version-history":[{"count":1,"href":"https:\/\/karitaszeger.hu\/web\/wp-json\/wp\/v2\/posts\/7146\/revisions"}],"predecessor-version":[{"id":7156,"href":"https:\/\/karitaszeger.hu\/web\/wp-json\/wp\/v2\/posts\/7146\/revisions\/7156"}],"wp:featuredmedia":[{"embeddable":true,"href":"https:\/\/karitaszeger.hu\/web\/wp-json\/wp\/v2\/media\/7154"}],"wp:attachment":[{"href":"https:\/\/karitaszeger.hu\/web\/wp-json\/wp\/v2\/media?parent=7146"}],"wp:term":[{"taxonomy":"category","embeddable":true,"href":"https:\/\/karitaszeger.hu\/web\/wp-json\/wp\/v2\/categories?post=7146"},{"taxonomy":"post_tag","embeddable":true,"href":"https:\/\/karitaszeger.hu\/web\/wp-json\/wp\/v2\/tags?post=7146"}],"curies":[{"name":"wp","href":"https:\/\/api.w.org\/{rel}","templated":true}]}}